{"id":5642,"date":"2025-04-12T16:49:20","date_gmt":"2025-04-12T14:49:20","guid":{"rendered":"https:\/\/bv-graefrath.de\/?p=5642"},"modified":"2025-04-12T16:49:20","modified_gmt":"2025-04-12T14:49:20","slug":"dfb-praesident-wuerdigt-bvg-maedchen-und-frauenfussball","status":"publish","type":"post","link":"https:\/\/bv-graefrath.de\/?p=5642","title":{"rendered":"DFB-Pr\u00e4sident w\u00fcrdigt BVG-M\u00e4dchen- und Frauenfu\u00dfball"},"content":{"rendered":"\n<p>Am Samstag den 22.M\u00e4rz hat der Westdeutsche Fu\u00dfballverband (<strong>WDFV<\/strong>) in Zusammenarbeit mit der Initiative Ballgef\u00fchl zwanzig Vereine aus NRW f\u00fcr besondere Projekte mit einem F\u00f6rderpreis geehrt. Mit dabei der <strong>BV Gr\u00e4frath f\u00fcr die Kategorie M\u00e4dchen- und Frauenfu\u00dfball<\/strong>. Bei der Preisverleihung im ehrw\u00fcrdigen Deutschen Fu\u00dfballmuseum in Dortmund erhielt BVG-Bereichsleiter <strong>Andreas Schneider <\/strong>aus den H\u00e4nden von <strong>DFB-Pr\u00e4sident Bernd Neuendorf<\/strong>, <strong>WDFV-Chef Peter Frymut<\/strong>h und der ehemaligen Frauen-Nationaltrainerin <strong>Martina Voss-Tecklenburg<\/strong> einen Scheck \u00fcber 5.000 \u20ac.<\/p>\n\n\n\n<figure class=\"wp-block-image size-large\"><img loading=\"lazy\" decoding=\"async\" width=\"1024\" height=\"768\" src=\"https:\/\/bv-graefrath.de\/wp-content\/uploads\/2025\/04\/Preisuebergabe-2-Quelle-BVG-1024x768.jpg\" alt=\"\" class=\"wp-image-5645\" srcset=\"https:\/\/bv-graefrath.de\/wp-content\/uploads\/2025\/04\/Preisuebergabe-2-Quelle-BVG-1024x768.jpg 1024w, https:\/\/bv-graefrath.de\/wp-content\/uploads\/2025\/04\/Preisuebergabe-2-Quelle-BVG-300x225.jpg 300w, https:\/\/bv-graefrath.de\/wp-content\/uploads\/2025\/04\/Preisuebergabe-2-Quelle-BVG-768x576.jpg 768w, https:\/\/bv-graefrath.de\/wp-content\/uploads\/2025\/04\/Preisuebergabe-2-Quelle-BVG-1536x1152.jpg 1536w, https:\/\/bv-graefrath.de\/wp-content\/uploads\/2025\/04\/Preisuebergabe-2-Quelle-BVG-2048x1536.jpg 2048w\" sizes=\"auto, (max-width: 1024px) 100vw, 1024px\" \/><\/figure>\n\n\n\n<p>Bild Quelle: WDFV<\/p>\n\n\n\n<p>M\u00f6glich wurde dies durch die Initiative Ballgef\u00fchl, die den international bekannten <strong>Bildhauer Stephan Balkenhol<\/strong> daf\u00fcr gewann, aus Anlass der Euro 2024, eine Skulptur mit dem Titel \u201eFu\u00dfballliebe\u201c zu erschaffen. Im Bereich der figurativen Bildhauerei ist Stephan Balkenhol&nbsp;einer der bedeutendsten und international erfolgreichsten K\u00fcnstler Deutschlands.<\/p>\n\n\n\n<p>F\u00fcnf dieser Skulpturen wurden anschlie\u00dfend verkauft.&nbsp;Der Erl\u00f6s wurde nun an zwanzig auserw\u00e4hlte Amateurvereine \u00fcbergeben, die sich mit Ihren Projekten aus den Bereichen M\u00e4dchen- und Frauenfu\u00dfball, Inklusion, Integration, Ehrenamt und Fair Play f\u00fcr diese herausragende Aktion zwischen Kunst und Fu\u00dfball beworben haben.&nbsp;<\/p>\n\n\n\n<p>Der <strong>BV Gr\u00e4frath<\/strong> erhielt den Zuschlag f\u00fcr sein Projekt aus dem Bereich M\u00e4dchen- und Frauenfu\u00dfball. BVG-Frauen- und M\u00e4dchenkoordinator Andreas Schneider freute sich nicht nur \u00fcber die tolle Idee zur Verbindung von Kunst und Fu\u00dfball und \u00fcber die w\u00fcrdige Preisverleihung sondern nat\u00fcrlich auch f\u00fcr den F\u00f6rderpreis selbst. Dieser soll genutzt werden um den M\u00e4dchen- und Frauenfu\u00dfball in Gr\u00e4frath weiter auszubauen, vor allem in Leistungsbereich und die talentierten und sehr erfolgreichen Jugendspielerinnen langfristig an den Verein zu binden und sie in ein perspektivisches Frauenteam zu integrieren. Mit dem Geld sollen u.a. optimale und attraktive Trainingsbedingungen geschaffen werden und dar\u00fcber hinaus die qualifizierten Trainerteams weiter ausgebaut werden.<\/p>\n\n\n\n<figure class=\"wp-block-image size-large\"><img loading=\"lazy\" decoding=\"async\" width=\"701\" height=\"1024\" src=\"https:\/\/bv-graefrath.de\/wp-content\/uploads\/2025\/04\/Voss-Tecklenburg-und-Andreas-Schneider-quelle-BVG-701x1024.jpg\" alt=\"\" class=\"wp-image-5644\" srcset=\"https:\/\/bv-graefrath.de\/wp-content\/uploads\/2025\/04\/Voss-Tecklenburg-und-Andreas-Schneider-quelle-BVG-701x1024.jpg 701w, https:\/\/bv-graefrath.de\/wp-content\/uploads\/2025\/04\/Voss-Tecklenburg-und-Andreas-Schneider-quelle-BVG-205x300.jpg 205w, https:\/\/bv-graefrath.de\/wp-content\/uploads\/2025\/04\/Voss-Tecklenburg-und-Andreas-Schneider-quelle-BVG-768x1122.jpg 768w, https:\/\/bv-graefrath.de\/wp-content\/uploads\/2025\/04\/Voss-Tecklenburg-und-Andreas-Schneider-quelle-BVG-1051x1536.jpg 1051w, https:\/\/bv-graefrath.de\/wp-content\/uploads\/2025\/04\/Voss-Tecklenburg-und-Andreas-Schneider-quelle-BVG-1402x2048.jpg 1402w, https:\/\/bv-graefrath.de\/wp-content\/uploads\/2025\/04\/Voss-Tecklenburg-und-Andreas-Schneider-quelle-BVG-scaled.jpg 1752w\" sizes=\"auto, (max-width: 701px) 100vw, 701px\" \/><\/figure>\n\n\n\n<p>Bild Quelle: BVG<\/p>\n\n\n\n<p>Link Homepage FVN:<\/p>\n\n\n\n<p><a href=\"https:\/\/fvn.de\/news\/nachricht\/verbandsmeldungen\/strahlende-preistraeger-der-initiative-ballgefuehl-im-deutschen-fussballmuseum-in-dortmund-2531\">https:\/\/fvn.de\/news\/nachricht\/verbandsmeldungen\/strahlende-preistraeger-der-initiative-ballgefuehl-im-deutschen-fussballmuseum-in-dortmund-2531<\/a><\/p>\n\n\n\n<p>Link Homepage WDFV:<\/p>\n\n\n\n<p><a href=\"https:\/\/wdfv.de\/der-wdfv\/aktuelles\/661\/rueckblick-auf-die-preisverleihung-der-initiative-ballgefuehl-in-dortmund\">https:\/\/wdfv.de\/der-wdfv\/aktuelles\/661\/rueckblick-auf-die-preisverleihung-der-initiative-ballgefuehl-in-dortmund<\/a><\/p>\n\n\n\n<p><\/p>\n","protected":false},"excerpt":{"rendered":"<p>Am Samstag den 22.M\u00e4rz hat der Westdeutsche Fu\u00dfballverband (WDFV) in Zusammenarbeit mit der Initiative Ballgef\u00fchl zwanzig Vereine aus NRW f\u00fcr  [&#8230;]<\/p>\n","protected":false},"author":5,"featured_media":5643,"comment_status":"closed","ping_status":"","sticky":false,"template":"","format":"standard","meta":{"footnotes":""},"categories":[6],"tags":[],"class_list":["post-5642","post","type-post","status-publish","format-standard","has-post-thumbnail","hentry","category-aktuelles"],"_links":{"self":[{"href":"https:\/\/bv-graefrath.de\/index.php?rest_route=\/wp\/v2\/posts\/5642","targetHints":{"allow":["GET"]}}],"collection":[{"href":"https:\/\/bv-graefrath.de\/index.php?rest_route=\/wp\/v2\/posts"}],"about":[{"href":"https:\/\/bv-graefrath.de\/index.php?rest_route=\/wp\/v2\/types\/post"}],"author":[{"embeddable":true,"href":"https:\/\/bv-graefrath.de\/index.php?rest_route=\/wp\/v2\/users\/5"}],"replies":[{"embeddable":true,"href":"https:\/\/bv-graefrath.de\/index.php?rest_route=%2Fwp%2Fv2%2Fcomments&post=5642"}],"version-history":[{"count":1,"href":"https:\/\/bv-graefrath.de\/index.php?rest_route=\/wp\/v2\/posts\/5642\/revisions"}],"predecessor-version":[{"id":5646,"href":"https:\/\/bv-graefrath.de\/index.php?rest_route=\/wp\/v2\/posts\/5642\/revisions\/5646"}],"wp:featuredmedia":[{"embeddable":true,"href":"https:\/\/bv-graefrath.de\/index.php?rest_route=\/wp\/v2\/media\/5643"}],"wp:attachment":[{"href":"https:\/\/bv-graefrath.de\/index.php?rest_route=%2Fwp%2Fv2%2Fmedia&parent=5642"}],"wp:term":[{"taxonomy":"category","embeddable":true,"href":"https:\/\/bv-graefrath.de\/index.php?rest_route=%2Fwp%2Fv2%2Fcategories&post=5642"},{"taxonomy":"post_tag","embeddable":true,"href":"https:\/\/bv-graefrath.de\/index.php?rest_route=%2Fwp%2Fv2%2Ftags&post=5642"}],"curies":[{"name":"wp","href":"https:\/\/api.w.org\/{rel}","templated":true}]}}