{"id":5547,"date":"2025-02-25T17:33:42","date_gmt":"2025-02-25T16:33:42","guid":{"rendered":"https:\/\/bv-graefrath.de\/?p=5547"},"modified":"2025-02-25T17:34:37","modified_gmt":"2025-02-25T16:34:37","slug":"mu-13-team-erreicht-viertelfinale-im-fvn-pokal","status":"publish","type":"post","link":"https:\/\/bv-graefrath.de\/?p=5547","title":{"rendered":"MU 13 Team erreicht Viertelfinale im FVN-Pokal"},"content":{"rendered":"\n<p><strong>BVG-Nachwuchsteam \u00fcberzeugt erst in der 2. Halbzeit<br><\/strong><\/p>\n\n\n\n<p>Im <strong>Achtelfinale des FVN-Pokals <\/strong>traf das MU 13-Nachwuchsteam des <strong>BVG<\/strong> vor heimischer Kulisse am Flockertsholzer Weg auf das Team der <strong>DJK VfL 1919 Willich<\/strong> (Kreis Kempen\/Krefeld). Nach den Erfahrungen mit diesem Team aus dem BVG-Sommerturnier 2024 und den Beobachtungen des gegnerischen Teams durch Trainer Holger Daams an einem vorherigen Spieltag galt das BVG-Team als Favorit. Entsprechend wurden die Gr\u00e4fratherinnen von den Trainern Tobias Wicht und Holger Daams auf das Spiel eingestellt. Mit hohem Druck in den Zweik\u00e4mpfen und m\u00f6glichst schnellem Spiel nach vorne sollten schnell Torchancen erspielt und eine m\u00f6glichst fr\u00fche Vorentscheidung im Spiel gesucht werden.<\/p>\n\n\n\n<p><strong>M\u00fchsame 1. Halbzeit: 2:1 F\u00fchrung<\/strong><\/p>\n\n\n\n<p>Doch von der 1. Minute der 1. Halbzeit an (Ansto\u00df 10:00 Uhr!) pr\u00e4sentierten sich die Gr\u00e4frather M\u00e4dels stattdessen nachl\u00e4ssig und regelrecht \u201everschlafen\u201c. Die elementaren \u201eBasics\u201c des Fu\u00dfballspiels \u2013 energisches Zweikampfverhalten, schnelle Balleroberung und sicheres, klares Passspiel, saubere Ballan- und -mitnahme,&nbsp; Laufbereitschaft bei Ballbesitz und zielgerichtetes Spiel aufs gegnerische Tor &#8211; klappten \u00fcber weite Strecken dieser 1. Halbzeit fast gar nicht. Einziger Lichtblick das sauber herausgespielte <strong>1:0<\/strong> schon in der 3. Minute durch <strong>Noelia<\/strong> nach toller Hereingabe (<strong>Assist<\/strong>) durch Au\u00dfenst\u00fcrmerin <strong>Marie<\/strong>.<\/p>\n\n\n\n<figure class=\"wp-block-gallery has-nested-images columns-default is-cropped wp-block-gallery-1 is-layout-flex wp-block-gallery-is-layout-flex\">\n<figure class=\"wp-block-image size-large\"><img loading=\"lazy\" decoding=\"async\" width=\"1024\" height=\"607\" data-id=\"5549\" src=\"https:\/\/bv-graefrath.de\/wp-content\/uploads\/2025\/02\/cbbvgraefrath25_1-1024x607.jpg\" alt=\"\" class=\"wp-image-5549\" srcset=\"https:\/\/bv-graefrath.de\/wp-content\/uploads\/2025\/02\/cbbvgraefrath25_1-1024x607.jpg 1024w, https:\/\/bv-graefrath.de\/wp-content\/uploads\/2025\/02\/cbbvgraefrath25_1-300x178.jpg 300w, https:\/\/bv-graefrath.de\/wp-content\/uploads\/2025\/02\/cbbvgraefrath25_1-768x455.jpg 768w, https:\/\/bv-graefrath.de\/wp-content\/uploads\/2025\/02\/cbbvgraefrath25_1-1536x911.jpg 1536w, https:\/\/bv-graefrath.de\/wp-content\/uploads\/2025\/02\/cbbvgraefrath25_1-2048x1214.jpg 2048w\" sizes=\"auto, (max-width: 1024px) 100vw, 1024px\" \/><figcaption class=\"wp-element-caption\">Noelia<\/figcaption><\/figure>\n\n\n\n<figure class=\"wp-block-image size-large\"><img loading=\"lazy\" decoding=\"async\" width=\"1024\" height=\"661\" data-id=\"5552\" src=\"https:\/\/bv-graefrath.de\/wp-content\/uploads\/2025\/02\/cbbvgraefrath25_5-1024x661.jpg\" alt=\"\" class=\"wp-image-5552\" srcset=\"https:\/\/bv-graefrath.de\/wp-content\/uploads\/2025\/02\/cbbvgraefrath25_5-1024x661.jpg 1024w, https:\/\/bv-graefrath.de\/wp-content\/uploads\/2025\/02\/cbbvgraefrath25_5-300x194.jpg 300w, https:\/\/bv-graefrath.de\/wp-content\/uploads\/2025\/02\/cbbvgraefrath25_5-768x496.jpg 768w, https:\/\/bv-graefrath.de\/wp-content\/uploads\/2025\/02\/cbbvgraefrath25_5-1536x991.jpg 1536w, https:\/\/bv-graefrath.de\/wp-content\/uploads\/2025\/02\/cbbvgraefrath25_5-2048x1322.jpg 2048w\" sizes=\"auto, (max-width: 1024px) 100vw, 1024px\" \/><figcaption class=\"wp-element-caption\">Marie<\/figcaption><\/figure>\n\n\n\n<figure class=\"wp-block-image size-large\"><img loading=\"lazy\" decoding=\"async\" width=\"1024\" height=\"653\" data-id=\"5551\" src=\"https:\/\/bv-graefrath.de\/wp-content\/uploads\/2025\/02\/cbbvgraefrath25_3-1024x653.jpg\" alt=\"\" class=\"wp-image-5551\" srcset=\"https:\/\/bv-graefrath.de\/wp-content\/uploads\/2025\/02\/cbbvgraefrath25_3-1024x653.jpg 1024w, https:\/\/bv-graefrath.de\/wp-content\/uploads\/2025\/02\/cbbvgraefrath25_3-300x191.jpg 300w, https:\/\/bv-graefrath.de\/wp-content\/uploads\/2025\/02\/cbbvgraefrath25_3-768x490.jpg 768w, https:\/\/bv-graefrath.de\/wp-content\/uploads\/2025\/02\/cbbvgraefrath25_3-1536x980.jpg 1536w, https:\/\/bv-graefrath.de\/wp-content\/uploads\/2025\/02\/cbbvgraefrath25_3-2048x1307.jpg 2048w\" sizes=\"auto, (max-width: 1024px) 100vw, 1024px\" \/><figcaption class=\"wp-element-caption\">Inga<\/figcaption><\/figure>\n\n\n\n<figure class=\"wp-block-image size-large\"><img loading=\"lazy\" decoding=\"async\" width=\"1024\" height=\"644\" data-id=\"5554\" src=\"https:\/\/bv-graefrath.de\/wp-content\/uploads\/2025\/02\/cbbvgraefrath25_8-1024x644.jpg\" alt=\"\" class=\"wp-image-5554\" srcset=\"https:\/\/bv-graefrath.de\/wp-content\/uploads\/2025\/02\/cbbvgraefrath25_8-1024x644.jpg 1024w, https:\/\/bv-graefrath.de\/wp-content\/uploads\/2025\/02\/cbbvgraefrath25_8-300x189.jpg 300w, https:\/\/bv-graefrath.de\/wp-content\/uploads\/2025\/02\/cbbvgraefrath25_8-768x483.jpg 768w, https:\/\/bv-graefrath.de\/wp-content\/uploads\/2025\/02\/cbbvgraefrath25_8-1536x966.jpg 1536w, https:\/\/bv-graefrath.de\/wp-content\/uploads\/2025\/02\/cbbvgraefrath25_8-2048x1288.jpg 2048w\" sizes=\"auto, (max-width: 1024px) 100vw, 1024px\" \/><figcaption class=\"wp-element-caption\">Alica<\/figcaption><\/figure>\n\n\n\n<figure class=\"wp-block-image size-large\"><img loading=\"lazy\" decoding=\"async\" width=\"1024\" height=\"667\" data-id=\"5550\" src=\"https:\/\/bv-graefrath.de\/wp-content\/uploads\/2025\/02\/cbbvgraefrath25_2-1024x667.jpg\" alt=\"\" class=\"wp-image-5550\" srcset=\"https:\/\/bv-graefrath.de\/wp-content\/uploads\/2025\/02\/cbbvgraefrath25_2-1024x667.jpg 1024w, https:\/\/bv-graefrath.de\/wp-content\/uploads\/2025\/02\/cbbvgraefrath25_2-300x196.jpg 300w, https:\/\/bv-graefrath.de\/wp-content\/uploads\/2025\/02\/cbbvgraefrath25_2-768x501.jpg 768w, https:\/\/bv-graefrath.de\/wp-content\/uploads\/2025\/02\/cbbvgraefrath25_2-1536x1001.jpg 1536w, https:\/\/bv-graefrath.de\/wp-content\/uploads\/2025\/02\/cbbvgraefrath25_2-2048x1335.jpg 2048w\" sizes=\"auto, (max-width: 1024px) 100vw, 1024px\" \/><figcaption class=\"wp-element-caption\">Noelia<\/figcaption><\/figure>\n\n\n\n<figure class=\"wp-block-image size-large\"><img loading=\"lazy\" decoding=\"async\" width=\"1024\" height=\"749\" data-id=\"5553\" src=\"https:\/\/bv-graefrath.de\/wp-content\/uploads\/2025\/02\/cbbvgraefrath25_6-1024x749.jpg\" alt=\"\" class=\"wp-image-5553\" srcset=\"https:\/\/bv-graefrath.de\/wp-content\/uploads\/2025\/02\/cbbvgraefrath25_6-1024x749.jpg 1024w, https:\/\/bv-graefrath.de\/wp-content\/uploads\/2025\/02\/cbbvgraefrath25_6-300x219.jpg 300w, https:\/\/bv-graefrath.de\/wp-content\/uploads\/2025\/02\/cbbvgraefrath25_6-768x562.jpg 768w, https:\/\/bv-graefrath.de\/wp-content\/uploads\/2025\/02\/cbbvgraefrath25_6-1536x1123.jpg 1536w, https:\/\/bv-graefrath.de\/wp-content\/uploads\/2025\/02\/cbbvgraefrath25_6-2048x1497.jpg 2048w\" sizes=\"auto, (max-width: 1024px) 100vw, 1024px\" \/><figcaption class=\"wp-element-caption\">Marie<\/figcaption><\/figure>\n\n\n\n<figure class=\"wp-block-image size-large\"><img loading=\"lazy\" decoding=\"async\" width=\"1024\" height=\"704\" data-id=\"5557\" src=\"https:\/\/bv-graefrath.de\/wp-content\/uploads\/2025\/02\/cbbvgraefrath25_12-1024x704.jpg\" alt=\"\" class=\"wp-image-5557\" srcset=\"https:\/\/bv-graefrath.de\/wp-content\/uploads\/2025\/02\/cbbvgraefrath25_12-1024x704.jpg 1024w, https:\/\/bv-graefrath.de\/wp-content\/uploads\/2025\/02\/cbbvgraefrath25_12-300x206.jpg 300w, https:\/\/bv-graefrath.de\/wp-content\/uploads\/2025\/02\/cbbvgraefrath25_12-768x528.jpg 768w, https:\/\/bv-graefrath.de\/wp-content\/uploads\/2025\/02\/cbbvgraefrath25_12-1536x1055.jpg 1536w, https:\/\/bv-graefrath.de\/wp-content\/uploads\/2025\/02\/cbbvgraefrath25_12-2048x1407.jpg 2048w\" sizes=\"auto, (max-width: 1024px) 100vw, 1024px\" \/><figcaption class=\"wp-element-caption\">Tobias und Holger<\/figcaption><\/figure>\n\n\n\n<figure class=\"wp-block-image size-large\"><img loading=\"lazy\" decoding=\"async\" width=\"1024\" height=\"775\" data-id=\"5555\" src=\"https:\/\/bv-graefrath.de\/wp-content\/uploads\/2025\/02\/cbbvgraefrath25_9-1024x775.jpg\" alt=\"\" class=\"wp-image-5555\" srcset=\"https:\/\/bv-graefrath.de\/wp-content\/uploads\/2025\/02\/cbbvgraefrath25_9-1024x775.jpg 1024w, https:\/\/bv-graefrath.de\/wp-content\/uploads\/2025\/02\/cbbvgraefrath25_9-300x227.jpg 300w, https:\/\/bv-graefrath.de\/wp-content\/uploads\/2025\/02\/cbbvgraefrath25_9-768x581.jpg 768w, https:\/\/bv-graefrath.de\/wp-content\/uploads\/2025\/02\/cbbvgraefrath25_9-1536x1162.jpg 1536w, https:\/\/bv-graefrath.de\/wp-content\/uploads\/2025\/02\/cbbvgraefrath25_9-2048x1549.jpg 2048w\" sizes=\"auto, (max-width: 1024px) 100vw, 1024px\" \/><figcaption class=\"wp-element-caption\">Inga und Noelia<\/figcaption><\/figure>\n<\/figure>\n\n\n\n<p>(Fotos Quelle: Christian Beier)<\/p>\n\n\n\n<p>So rauften sich die beiden BVG-Trainer ein ums andere Mal die Haare dar\u00fcber, dass die BVG- M\u00e4dels weit unter ihren spielerischen M\u00f6glichkeiten blieben. Nachdem durch unn\u00f6tige Ballverluste die Willicherinnen schon mehrmals zu einigen Kontern eingeladen wurden, fiel dann auch \u2013 fast schon zwangsl\u00e4ufig \u2013 der <strong>Ausgleich zum 1:1<\/strong> nach einem v\u00f6llig unn\u00f6tigen Ballverlust in der Abwehr. Immerhin gelang erneut&nbsp; <strong>Noelia<\/strong> nach sehenswerter Einzelleistung kurz vor der Pause noch der <strong>2:1 F\u00fchrungstreffer<\/strong>.<\/p>\n\n\n\n<p><strong>2. Halbzeit wie ausgewechselt: Endstand 7:1!<\/strong><\/p>\n\n\n\n<p>Nach einer \u201eklaren Ansage\u201c durch die Trainer in der Halbzeitpause und deutlichen Hinweisen, was im Spiel der BVG-M\u00e4dchen im 2. Durchgang anders, sprich besser &nbsp;werden musste, zeigten die Gr\u00e4fratherinnen endlich, was sie wirklich k\u00f6nnen. Mit klarem und passsicherem Spiel nach vorne wurden schnell viele , z.T. klare Torchancen erspielt. Scheiterten die ersten noch an der gegnerischen Torh\u00fcterin oder knapp am Pfosten, so brach der Damm endlich in der 48. Minute: <strong>3:1<\/strong> durch einen satten Schuss aus spitzem Winkel von <strong>Eljessa<\/strong> nach genialem <strong>Zuspiel <\/strong>von <strong>Divya<\/strong>. Danach brachen die Willicherinnen ein und mit 4 weiteren, z.T. sehenswert herausgespielten, Toren durch <strong>Divya (2<\/strong>), erneut <strong>Noelia<\/strong> sowie <strong>Alica<\/strong> schraubten die MU 13-M\u00e4dels das Ergebnis noch auf ein <strong>7:1<\/strong>, dass letztendlich dann auch in der H\u00f6he verdient war.<\/p>\n\n\n\n<p><strong>Auslosung Viertelfinale FVN-Pokal MU 13: 24.\/25.03.2025<\/strong><\/p>\n\n\n\n<p>Insgesamt taten sich die Gr\u00e4fratherinnen also \u00fcber weite Strecken \u2013 trotz spielerischer und k\u00f6rperlicher \u201e\u00dcberlegenheit\u201c &#8211; lange Zeit sehr schwer, zogen aber letztendlich doch noch hochverdient ins <strong>Viertelfinale des Niederrheinpokals<\/strong> ein. Hier warten \u2013 betrachtet man die anderen Ergebnisse und die daraus hervorgegangenen Siegerteams \u2013 allerdings sicherlich deutlich st\u00e4rkere m\u00f6gliche gegnerische Teams auf die n\u00e4chste <strong>Auslosung<\/strong>, die <strong>24.\/25.03.2025 in Duisburg<\/strong>&#8211;<strong>Wedau<\/strong> stattfinden wird. Doch schon das Erreichen dieses Viertelfinals im FVN-Pokal ist ein toller Erfolg f\u00fcr den BV Gr\u00e4frath und best\u00e4tigt die erfolgreiche Nachwuchsarbeit in Training und Spiel auch in dieser Altersgruppe.<\/p>\n\n\n\n<figure class=\"wp-block-image size-large\"><img loading=\"lazy\" decoding=\"async\" width=\"1024\" height=\"768\" src=\"https:\/\/bv-graefrath.de\/wp-content\/uploads\/2025\/02\/cf94a928-f352-42ae-8de6-de2738cbfbd1-1024x768.jpg\" alt=\"\" class=\"wp-image-5560\" srcset=\"https:\/\/bv-graefrath.de\/wp-content\/uploads\/2025\/02\/cf94a928-f352-42ae-8de6-de2738cbfbd1-1024x768.jpg 1024w, https:\/\/bv-graefrath.de\/wp-content\/uploads\/2025\/02\/cf94a928-f352-42ae-8de6-de2738cbfbd1-300x225.jpg 300w, https:\/\/bv-graefrath.de\/wp-content\/uploads\/2025\/02\/cf94a928-f352-42ae-8de6-de2738cbfbd1-768x576.jpg 768w, https:\/\/bv-graefrath.de\/wp-content\/uploads\/2025\/02\/cf94a928-f352-42ae-8de6-de2738cbfbd1-1536x1152.jpg 1536w, https:\/\/bv-graefrath.de\/wp-content\/uploads\/2025\/02\/cf94a928-f352-42ae-8de6-de2738cbfbd1.jpg 1600w\" sizes=\"auto, (max-width: 1024px) 100vw, 1024px\" \/><\/figure>\n\n\n\n<p>\u00a9 Holger Daams&nbsp;&nbsp;&nbsp;&nbsp;&nbsp;&nbsp;&nbsp;&nbsp;&nbsp;&nbsp;&nbsp;&nbsp;&nbsp;&nbsp;&nbsp;&nbsp;&nbsp;&nbsp;&nbsp;&nbsp;&nbsp;&nbsp;&nbsp;&nbsp;&nbsp;&nbsp;&nbsp;&nbsp;&nbsp;&nbsp;&nbsp;&nbsp;&nbsp;&nbsp;&nbsp;&nbsp;&nbsp;&nbsp;&nbsp;&nbsp;&nbsp;&nbsp;&nbsp;&nbsp;&nbsp;&nbsp;&nbsp;&nbsp;&nbsp;&nbsp;&nbsp;&nbsp;&nbsp;&nbsp;&nbsp;&nbsp;&nbsp;&nbsp;&nbsp;&nbsp;&nbsp;&nbsp;&nbsp;&nbsp;&nbsp;&nbsp;&nbsp;&nbsp;&nbsp;&nbsp;&nbsp;&nbsp;&nbsp;&nbsp;&nbsp;&nbsp;&nbsp;&nbsp; Solingen, 23.02.2025<\/p>\n","protected":false},"excerpt":{"rendered":"<p>BVG-Nachwuchsteam \u00fcberzeugt erst in der 2. Halbzeit Im Achtelfinale des FVN-Pokals traf das MU 13-Nachwuchsteam des BVG vor heimischer Kulisse  [&#8230;]<\/p>\n","protected":false},"author":5,"featured_media":5549,"comment_status":"closed","ping_status":"","sticky":false,"template":"","format":"standard","meta":{"footnotes":""},"categories":[6,7],"tags":[],"class_list":["post-5547","post","type-post","status-publish","format-standard","has-post-thumbnail","hentry","category-aktuelles","category-spielberichte"],"_links":{"self":[{"href":"https:\/\/bv-graefrath.de\/index.php?rest_route=\/wp\/v2\/posts\/5547","targetHints":{"allow":["GET"]}}],"collection":[{"href":"https:\/\/bv-graefrath.de\/index.php?rest_route=\/wp\/v2\/posts"}],"about":[{"href":"https:\/\/bv-graefrath.de\/index.php?rest_route=\/wp\/v2\/types\/post"}],"author":[{"embeddable":true,"href":"https:\/\/bv-graefrath.de\/index.php?rest_route=\/wp\/v2\/users\/5"}],"replies":[{"embeddable":true,"href":"https:\/\/bv-graefrath.de\/index.php?rest_route=%2Fwp%2Fv2%2Fcomments&post=5547"}],"version-history":[{"count":4,"href":"https:\/\/bv-graefrath.de\/index.php?rest_route=\/wp\/v2\/posts\/5547\/revisions"}],"predecessor-version":[{"id":5561,"href":"https:\/\/bv-graefrath.de\/index.php?rest_route=\/wp\/v2\/posts\/5547\/revisions\/5561"}],"wp:featuredmedia":[{"embeddable":true,"href":"https:\/\/bv-graefrath.de\/index.php?rest_route=\/wp\/v2\/media\/5549"}],"wp:attachment":[{"href":"https:\/\/bv-graefrath.de\/index.php?rest_route=%2Fwp%2Fv2%2Fmedia&parent=5547"}],"wp:term":[{"taxonomy":"category","embeddable":true,"href":"https:\/\/bv-graefrath.de\/index.php?rest_route=%2Fwp%2Fv2%2Fcategories&post=5547"},{"taxonomy":"post_tag","embeddable":true,"href":"https:\/\/bv-graefrath.de\/index.php?rest_route=%2Fwp%2Fv2%2Ftags&post=5547"}],"curies":[{"name":"wp","href":"https:\/\/api.w.org\/{rel}","templated":true}]}}