{"id":4716,"date":"2024-03-05T05:56:44","date_gmt":"2024-03-05T04:56:44","guid":{"rendered":"https:\/\/bv-graefrath.de\/?p=4716"},"modified":"2024-03-05T05:56:44","modified_gmt":"2024-03-05T04:56:44","slug":"mu-13-niederrheinpokal-viertelfinale-gebucht","status":"publish","type":"post","link":"https:\/\/bv-graefrath.de\/?p=4716","title":{"rendered":"MU 13 Niederrheinpokal: Viertelfinale gebucht!"},"content":{"rendered":"\n<p><\/p>\n\n\n\n<p><strong>Quasi \u201eLast Minute-Tor\u201c beschert 2:1 Sieg gegen DJK Rhede<\/strong><\/p>\n\n\n\n<p>Bei bestem Fu\u00dfballwetter trafen am Samstag, 02.03.2024, &nbsp;die beiden D-Juniorinnen Teams vom <strong>DJK Rhede<\/strong> und dem <strong>BVG<\/strong> im <strong>Achtelfinale des Niederrheinpokals<\/strong> auf heimischem Platz am Flockertsholzer Weg aufeinander.<\/p>\n\n\n\n<p><strong>Verdiente 1:0 Pausenf\u00fchrung<\/strong><\/p>\n\n\n\n<p>Die BVG-M\u00e4dels standen hoch, \u00fcbernahmen von Beginn an die Initiative und gingen auch verdient in der <strong>21. Minute<\/strong> durch <strong>Hannah H.<\/strong> nach einer starken Passkombination von Flori und Vivi mit <strong>1:0<\/strong> in\u00a0 <strong>F\u00fchrung<\/strong>.<\/p>\n\n\n\n<p>Die starke Torh\u00fcterin aus Rhede sowie eine tief stehende Abwehrreihe der G\u00e4ste verhinderte jedoch einen weiteren Ausbau der F\u00fchrung f\u00fcr den BVG. Und so kam es wie es kommen musste \u2013 eine Bogenlampe brachte die tapfer k\u00e4mpfenden M\u00e4dels aus Rhede zu Beginn der 2. Halbzeit (36. Min.) \u00fcberraschend zum <strong>1:1 Ausgleichstreffer<\/strong> und sorgte f\u00fcr Spannung bis zum Schluss.<\/p>\n\n\n\n<p><strong>Entscheidung kurz vor Schluss<\/strong><\/p>\n\n\n\n<p>Doch wieder einmal lie\u00dfen sich die M\u00e4dchen des BVG auch nicht durch den Ausgleichstreffer aus dem Konzept bringen. Sie machten weiter Druck und belohnten sich mit dem erneuten F\u00fchrungs- und zugleich auch <strong>Siegtreffer zum 2:1 Sieg<\/strong> durch <strong>Mona<\/strong> kurz vor Ende der Partie (57. Min.) mit dem vielumjubelten und hochverdienten <strong>Einzug ins Viertelfinale des Niederrheinpokals<\/strong>.<\/p>\n\n\n\n<p>Wir sind gespannt wohin die \u201eReise\u201c des engagierten Teams bei der kommenden Auslosung der letzten 8 Vertreter im FVN weiter geht.<\/p>\n\n\n\n<p>Tobias Wicht&nbsp;&nbsp;&nbsp;&nbsp;&nbsp;&nbsp;&nbsp;&nbsp;&nbsp;&nbsp;&nbsp;&nbsp;&nbsp;&nbsp;&nbsp;&nbsp;&nbsp;&nbsp;&nbsp;&nbsp;&nbsp;&nbsp;&nbsp;&nbsp;&nbsp;&nbsp;&nbsp;&nbsp;&nbsp;&nbsp;&nbsp;&nbsp;&nbsp;&nbsp;&nbsp;&nbsp;&nbsp;&nbsp;&nbsp;&nbsp;&nbsp;&nbsp;&nbsp;&nbsp;&nbsp;&nbsp;&nbsp;&nbsp;&nbsp;&nbsp;&nbsp;&nbsp;&nbsp;&nbsp;&nbsp;&nbsp;&nbsp;&nbsp;&nbsp;&nbsp;&nbsp;&nbsp;&nbsp;&nbsp;&nbsp;&nbsp;&nbsp;&nbsp;&nbsp;&nbsp;&nbsp;&nbsp;&nbsp;<\/p>\n\n\n\n<p>(MU 13-Trainer)&nbsp;&nbsp;&nbsp;&nbsp;&nbsp;&nbsp;&nbsp;&nbsp;&nbsp;&nbsp;&nbsp;&nbsp;&nbsp;&nbsp;&nbsp;&nbsp;&nbsp;&nbsp;&nbsp;&nbsp;&nbsp;&nbsp;&nbsp;&nbsp;&nbsp;&nbsp;&nbsp;&nbsp;&nbsp;&nbsp;&nbsp;&nbsp;&nbsp;&nbsp;&nbsp;&nbsp;&nbsp;&nbsp;&nbsp;&nbsp;&nbsp;&nbsp;&nbsp;&nbsp;&nbsp;&nbsp;&nbsp;&nbsp;&nbsp;&nbsp;&nbsp;&nbsp;&nbsp;&nbsp;&nbsp;&nbsp;&nbsp;&nbsp;&nbsp;&nbsp;&nbsp;&nbsp;&nbsp;&nbsp;&nbsp;&nbsp;&nbsp;&nbsp;&nbsp;&nbsp;&nbsp;&nbsp;&nbsp;&nbsp;&nbsp;&nbsp;&nbsp;&nbsp;&nbsp;&nbsp;&nbsp;&nbsp;&nbsp;&nbsp;&nbsp;&nbsp;&nbsp;&nbsp;&nbsp;&nbsp;&nbsp; &nbsp;&nbsp;&nbsp;&nbsp;&nbsp;&nbsp;&nbsp;&nbsp;&nbsp;&nbsp;&nbsp; Solingen, 04.03.2024<\/p>\n","protected":false},"excerpt":{"rendered":"<p>Quasi \u201eLast Minute-Tor\u201c beschert 2:1 Sieg gegen DJK Rhede Bei bestem Fu\u00dfballwetter trafen am Samstag, 02.03.2024, &nbsp;die beiden D-Juniorinnen Teams  [&#8230;]<\/p>\n","protected":false},"author":1,"featured_media":4718,"comment_status":"closed","ping_status":"open","sticky":false,"template":"","format":"standard","meta":{"footnotes":""},"categories":[1],"tags":[],"class_list":["post-4716","post","type-post","status-publish","format-standard","has-post-thumbnail","hentry","category-archiv_alte_version"],"_links":{"self":[{"href":"https:\/\/bv-graefrath.de\/index.php?rest_route=\/wp\/v2\/posts\/4716","targetHints":{"allow":["GET"]}}],"collection":[{"href":"https:\/\/bv-graefrath.de\/index.php?rest_route=\/wp\/v2\/posts"}],"about":[{"href":"https:\/\/bv-graefrath.de\/index.php?rest_route=\/wp\/v2\/types\/post"}],"author":[{"embeddable":true,"href":"https:\/\/bv-graefrath.de\/index.php?rest_route=\/wp\/v2\/users\/1"}],"replies":[{"embeddable":true,"href":"https:\/\/bv-graefrath.de\/index.php?rest_route=%2Fwp%2Fv2%2Fcomments&post=4716"}],"version-history":[{"count":0,"href":"https:\/\/bv-graefrath.de\/index.php?rest_route=\/wp\/v2\/posts\/4716\/revisions"}],"wp:featuredmedia":[{"embeddable":true,"href":"https:\/\/bv-graefrath.de\/index.php?rest_route=\/"}],"wp:attachment":[{"href":"https:\/\/bv-graefrath.de\/index.php?rest_route=%2Fwp%2Fv2%2Fmedia&parent=4716"}],"wp:term":[{"taxonomy":"category","embeddable":true,"href":"https:\/\/bv-graefrath.de\/index.php?rest_route=%2Fwp%2Fv2%2Fcategories&post=4716"},{"taxonomy":"post_tag","embeddable":true,"href":"https:\/\/bv-graefrath.de\/index.php?rest_route=%2Fwp%2Fv2%2Ftags&post=4716"}],"curies":[{"name":"wp","href":"https:\/\/api.w.org\/{rel}","templated":true}]}}