{"id":4684,"date":"2024-02-20T19:20:43","date_gmt":"2024-02-20T18:20:43","guid":{"rendered":"https:\/\/bv-graefrath.de\/?p=4684"},"modified":"2024-02-20T19:20:43","modified_gmt":"2024-02-20T18:20:43","slug":"derby-vs-03-am-freitag","status":"publish","type":"post","link":"https:\/\/bv-graefrath.de\/?p=4684","title":{"rendered":"Derby vs. 03 am FREITAG!!!"},"content":{"rendered":"\n<p>Das gro\u00dfe DERBY gegen Solingen Wald 03 steigt nicht wie \u00fcblich am Sonntag, sondern diesmal ausnahmsweise am <strong>Freitag den 23.02.2024<\/strong> am heimischen Flockertsholz. Das Spiel in der Bezirksliga beginnt<strong> um 19.30 Uhr<\/strong> und der gesamt BVG hofft nat\u00fcrlich trotz der ungew\u00f6hnlichen Ansto\u00dfzeit auf viel Unterst\u00fctzung f\u00fcr unseren BVG! <br>Nach der Niederlage letzte Woche zum R\u00fcckrundenauftakt gegen SV Solingen 08\/10, geht die ERSTE sicherlich als Underdog gegen den prominent verst\u00e4rkten Wald 03 in das Spiel. Der Gegner hat letzte Woche eindrucksvoll gezeigt, dass er momentan in einer guten Verfassung ist, jedoch sollte mit einer engagierten Leistung und dem Heimvorteil in einem Derby immer was z\u00e4hlbares drin sein. Somit alles geben und hoffentlich die drei Punkte in Gr\u00e4frath behalten!<\/p>\n","protected":false},"excerpt":{"rendered":"<p>Das gro\u00dfe DERBY gegen Solingen Wald 03 steigt nicht wie \u00fcblich am Sonntag, sondern diesmal ausnahmsweise am Freitag den 23.02.2024  [&#8230;]<\/p>\n","protected":false},"author":1,"featured_media":4687,"comment_status":"closed","ping_status":"open","sticky":false,"template":"","format":"standard","meta":{"footnotes":""},"categories":[1],"tags":[],"class_list":["post-4684","post","type-post","status-publish","format-standard","has-post-thumbnail","hentry","category-archiv_alte_version"],"_links":{"self":[{"href":"https:\/\/bv-graefrath.de\/index.php?rest_route=\/wp\/v2\/posts\/4684","targetHints":{"allow":["GET"]}}],"collection":[{"href":"https:\/\/bv-graefrath.de\/index.php?rest_route=\/wp\/v2\/posts"}],"about":[{"href":"https:\/\/bv-graefrath.de\/index.php?rest_route=\/wp\/v2\/types\/post"}],"author":[{"embeddable":true,"href":"https:\/\/bv-graefrath.de\/index.php?rest_route=\/wp\/v2\/users\/1"}],"replies":[{"embeddable":true,"href":"https:\/\/bv-graefrath.de\/index.php?rest_route=%2Fwp%2Fv2%2Fcomments&post=4684"}],"version-history":[{"count":0,"href":"https:\/\/bv-graefrath.de\/index.php?rest_route=\/wp\/v2\/posts\/4684\/revisions"}],"wp:featuredmedia":[{"embeddable":true,"href":"https:\/\/bv-graefrath.de\/index.php?rest_route=\/"}],"wp:attachment":[{"href":"https:\/\/bv-graefrath.de\/index.php?rest_route=%2Fwp%2Fv2%2Fmedia&parent=4684"}],"wp:term":[{"taxonomy":"category","embeddable":true,"href":"https:\/\/bv-graefrath.de\/index.php?rest_route=%2Fwp%2Fv2%2Fcategories&post=4684"},{"taxonomy":"post_tag","embeddable":true,"href":"https:\/\/bv-graefrath.de\/index.php?rest_route=%2Fwp%2Fv2%2Ftags&post=4684"}],"curies":[{"name":"wp","href":"https:\/\/api.w.org\/{rel}","templated":true}]}}