{"id":4665,"date":"2024-02-08T19:42:07","date_gmt":"2024-02-08T18:42:07","guid":{"rendered":"https:\/\/bv-graefrath.de\/?p=4665"},"modified":"2024-02-08T19:42:07","modified_gmt":"2024-02-08T18:42:07","slug":"toller-pokalfight-im-ruhrpott","status":"publish","type":"post","link":"https:\/\/bv-graefrath.de\/?p=4665","title":{"rendered":"Toller Pokalfight im \u201eRuhrpott\u201c"},"content":{"rendered":"\n<p><strong>Niederrheinpokal:<\/strong> <strong>MU 13 dreht Spiel gegen SV Raadt nach 2maligem R\u00fcckstand!<\/strong><\/p>\n\n\n\n<p>In der <strong>1. Hauptrunde des Niederrheinpokals<\/strong> (16 Spiele) ging es f\u00fcr die <strong>D-Juniorinnen<\/strong> des <strong>BV Gr\u00e4frath<\/strong> am Dienstag (06.02.) zum abendlichen Flutlichtspiel in den \u201eRuhrpott\u201c: Zum <strong>SV Raadt<\/strong> in M\u00fchlheim a.d. Ruhr, immerhin zweitplatziertes Team in der spielstarken Staffelgruppe des Kreises Duisburg\/M\u00fchlheim\/Dinslaken!<\/p>\n\n\n\n<p><strong>Halbzeit 3:2!<\/strong><\/p>\n\n\n\n<p>Der reine 2011er Jahrgang des SV Raadt war dann auch nicht nur k\u00f6rperlich stark, sondern auch auf dem Platz technisch gut drauf. Nichtsdestotrotz \u00fcbernahmen die M\u00e4dchen aus Solingen von Beginn an die Initiative und versuchten Druck auf ein fr\u00fches <strong>1:0<\/strong> zu machen. Dies gelang jedoch dem <strong>SV Raadt<\/strong> durch einen toll herausgespielten Konter. Doch selbst das <strong>2:0<\/strong> durch einen Distanzschuss brachte die M\u00e4dels aus Gr\u00e4frath nicht aus dem Konzept. Nachdem Hannah H. zuerst noch am Pfosten scheiterte und Noelia\u2019s vermeintliches Anschlusstor wegen knapper Abseitsstellung zur\u00fcckgepfiffen wurde, zeigten die Gr\u00e4frather M\u00e4dels, dass auch sie <strong>\u201eDoppelpack\u201c<\/strong> k\u00f6nnen: <strong>Hannah H.<\/strong> setzte sich gleich zweimal in Folge durch und erzielte kurz vor der Pause das <strong>2:2.<\/strong> Doch der SV Raadt legte noch einmal vor und ging mit <strong>3:2<\/strong> durch eine weitere gute Einzelaktion noch vor dem Pausenpfiff in F\u00fchrung.<\/p>\n\n\n\n<figure class=\"wp-block-gallery has-nested-images columns-default is-cropped wp-block-gallery-1 is-layout-flex wp-block-gallery-is-layout-flex\">\n<figure class=\"wp-block-image size-large\"><img decoding=\"async\" data-id=\"4668\" src=\"https:\/\/bv-graefrath.de\/wp-content\/uploads\/2024\/02\/3f54f57d-593b-47f9-991d-87ce481c226f-768x1024.jpg\" alt=\"Hannah\" class=\"wp-image-4668\"\/><figcaption class=\"wp-element-caption\">Hannah<\/figcaption><\/figure>\n\n\n\n<figure class=\"wp-block-image size-large\"><img decoding=\"async\" data-id=\"4670\" src=\"https:\/\/bv-graefrath.de\/wp-content\/uploads\/2024\/02\/1202ea61-7c03-4b82-9ec5-70c5d64b2006-768x1024.jpg\" alt=\"Jana\" class=\"wp-image-4670\"\/><figcaption class=\"wp-element-caption\">Jana<\/figcaption><\/figure>\n\n\n\n<figure class=\"wp-block-image size-large\"><img decoding=\"async\" data-id=\"4671\" src=\"https:\/\/bv-graefrath.de\/wp-content\/uploads\/2024\/02\/150054bc-2d01-4b3d-85e5-fafc122f4841-472x1024.jpg\" alt=\"Marie\" class=\"wp-image-4671\"\/><figcaption class=\"wp-element-caption\">Marie<\/figcaption><\/figure>\n<\/figure>\n\n\n\n<p><strong>Letzte Spielminute: Siegtreffer zum 3:4!!<\/strong><\/p>\n\n\n\n<p>In der <strong>2. Halbzeit<\/strong> entwickelte sich ein Spiel auf nur ein Tor, wobei die Gastgeberinnen mit schnellem Umschaltspiel allerdings stets gef\u00e4hrlich blieben.<\/p>\n\n\n\n<p>Dann endlich die Erl\u00f6sung: Nach 15 intensiven Spielminuten gelang <strong>Marie<\/strong> mit einer tollen k\u00e4mpferischen Leistung der <strong>Ausgleich zum 3:3<\/strong>. Und dann \u2013 <strong>in praktisch letzter Spielminute<\/strong> (!) \u2013 belohnte <strong>Jana<\/strong> sich und das Team nach einer tollen Einzelleistung mit dem vielumjubelten <strong>Siegtreffer zum<\/strong> alles entscheidenden <strong>3:4<\/strong>! Dieses Mal war es \u2013 anders als bei der ungl\u00fccklichen Halbfinalniederlage im Bergischen Kreispokal \u2013 ein toller Pokalfight mit dem besseren Ende auf Seiten der Gr\u00e4fratherinnen.<\/p>\n\n\n\n<p>Danach kannte der <strong>Jubel bei den BVG-M\u00e4dels<\/strong>, Trainer Tobias Wicht und den mitgereisten Eltern keine Grenzen mehr. Mit einer euphorischen Welle in Richtung der mitfiebernden Eltern feierten alle den grandios herausgespielten Pokalsieg und damit <strong>Einzug ins Achtelfinale des Niederrheinpokals.<\/strong><\/p>\n\n\n\n<p>Gl\u00fcckwunsch an das Team!<\/p>\n\n\n\n<p>Mal sehen welches Team als n\u00e4chster Gegner im Achtelfinale wartet!<\/p>\n\n\n\n<p>Solingen, den 06.02.2024<\/p>\n\n\n\n<p>Tobias Wicht<\/p>\n\n\n\n<p>(MU 13-Trainer)<\/p>\n","protected":false},"excerpt":{"rendered":"<p>Niederrheinpokal: MU 13 dreht Spiel gegen SV Raadt nach 2maligem R\u00fcckstand! In der 1. Hauptrunde des Niederrheinpokals (16 Spiele) ging  [&#8230;]<\/p>\n","protected":false},"author":1,"featured_media":4667,"comment_status":"closed","ping_status":"open","sticky":false,"template":"","format":"standard","meta":{"footnotes":""},"categories":[1],"tags":[],"class_list":["post-4665","post","type-post","status-publish","format-standard","has-post-thumbnail","hentry","category-archiv_alte_version"],"_links":{"self":[{"href":"https:\/\/bv-graefrath.de\/index.php?rest_route=\/wp\/v2\/posts\/4665","targetHints":{"allow":["GET"]}}],"collection":[{"href":"https:\/\/bv-graefrath.de\/index.php?rest_route=\/wp\/v2\/posts"}],"about":[{"href":"https:\/\/bv-graefrath.de\/index.php?rest_route=\/wp\/v2\/types\/post"}],"author":[{"embeddable":true,"href":"https:\/\/bv-graefrath.de\/index.php?rest_route=\/wp\/v2\/users\/1"}],"replies":[{"embeddable":true,"href":"https:\/\/bv-graefrath.de\/index.php?rest_route=%2Fwp%2Fv2%2Fcomments&post=4665"}],"version-history":[{"count":0,"href":"https:\/\/bv-graefrath.de\/index.php?rest_route=\/wp\/v2\/posts\/4665\/revisions"}],"wp:featuredmedia":[{"embeddable":true,"href":"https:\/\/bv-graefrath.de\/index.php?rest_route=\/"}],"wp:attachment":[{"href":"https:\/\/bv-graefrath.de\/index.php?rest_route=%2Fwp%2Fv2%2Fmedia&parent=4665"}],"wp:term":[{"taxonomy":"category","embeddable":true,"href":"https:\/\/bv-graefrath.de\/index.php?rest_route=%2Fwp%2Fv2%2Fcategories&post=4665"},{"taxonomy":"post_tag","embeddable":true,"href":"https:\/\/bv-graefrath.de\/index.php?rest_route=%2Fwp%2Fv2%2Ftags&post=4665"}],"curies":[{"name":"wp","href":"https:\/\/api.w.org\/{rel}","templated":true}]}}