{"id":4658,"date":"2024-01-23T07:20:52","date_gmt":"2024-01-23T06:20:52","guid":{"rendered":"https:\/\/bv-graefrath.de\/?p=4658"},"modified":"2024-01-23T07:20:52","modified_gmt":"2024-01-23T06:20:52","slug":"niederrheinpokal-u17-eine-runde-weiter","status":"publish","type":"post","link":"https:\/\/bv-graefrath.de\/?p=4658","title":{"rendered":"Niederrheinpokal: U17 eine Runde weiter"},"content":{"rendered":"\n<p> <p class=\"MsoNormal\">Viele Spiele fanden an diesem Wochenende im Verbandsgebiet nicht statt. Die <b>B-Juniorinnen des BV Gr\u00e4frath<\/b> hatten das Gl\u00fcck f\u00fcr die 1. Runde des <b>Niederrheinpokals <\/b>zu Gast bei <b>Rot-Wei\u00df Oberhausen<\/b> zu sein, die am Sonntagmorgen \u00fcber einen schnee- und eisfreien Platz verf\u00fcgten.<\/p> <span style=\"font-size: inherit; color: var(--text-color); font-family: var(--text-font);\">In einer einseitigen Partie dominierten die BVG-M\u00e4dels das Spielgeschehen und lie\u00dfen nur sehr wenige Offensivaktionen der Gastgeberinnen zu. Trotzdem war Geduld gefordert, da man allen Spielerinnen die nur wenigen Trainingseinheiten nach der Winterpause anmerkte. So dauerte es bis zum 31. Minute bis <\/span><b style=\"font-size: inherit; color: var(--text-color); font-family: var(--text-font);\">Clarissa Meyer<\/b><span style=\"font-size: inherit; color: var(--text-color); font-family: var(--text-font);\"> nach einer Ecke endlich per Direktabnahme zum F\u00fchrungstor traf. Nach dem Pausentee verst\u00e4rken die B-M\u00e4dchen aus Gr\u00e4frath nochmals den Druck und erh\u00f6hten durch <\/span><b style=\"font-size: inherit; color: var(--text-color); font-family: var(--text-font);\">Philippa Werth<\/b><span style=\"font-size: inherit; color: var(--text-color); font-family: var(--text-font);\"> nach sch\u00f6ner Vorarbeit von <\/span><b style=\"font-size: inherit; color: var(--text-color); font-family: var(--text-font);\">Aleksandra Danilko<\/b><span style=\"font-size: inherit; color: var(--text-color); font-family: var(--text-font);\"> auf 0-2. Letztere steuerte dann noch ein Doppelpack (inkl. ein Foul-Elfmeter) bei zum <\/span><b style=\"font-size: inherit; color: var(--text-color); font-family: var(--text-font);\">Endstand von 0-4<\/b><span style=\"font-size: inherit; color: var(--text-color); font-family: var(--text-font);\">. <\/span> <p class=\"MsoNormal\">Das Trainerduo Marcel Herger\/Andreas Schneider zeigte sich trotz vieler ausgelassener Torchancen durchaus zufrieden: \u201eunter diesen Bedingungen war das eine souver\u00e4ne Vorstellung.\u201c Damit steht der BVG in der zweiten Runde des Verbandspokals, die am 2. M\u00e4rz ausgetragen werden soll.<\/p> <\/p>\n","protected":false},"excerpt":{"rendered":"<p>Viele Spiele fanden an diesem Wochenende im Verbandsgebiet nicht statt. Die B-Juniorinnen des BV Gr\u00e4frath hatten das Gl\u00fcck f\u00fcr die  [&#8230;]<\/p>\n","protected":false},"author":1,"featured_media":4659,"comment_status":"closed","ping_status":"open","sticky":false,"template":"","format":"standard","meta":{"footnotes":""},"categories":[1],"tags":[],"class_list":["post-4658","post","type-post","status-publish","format-standard","has-post-thumbnail","hentry","category-archiv_alte_version"],"_links":{"self":[{"href":"https:\/\/bv-graefrath.de\/index.php?rest_route=\/wp\/v2\/posts\/4658","targetHints":{"allow":["GET"]}}],"collection":[{"href":"https:\/\/bv-graefrath.de\/index.php?rest_route=\/wp\/v2\/posts"}],"about":[{"href":"https:\/\/bv-graefrath.de\/index.php?rest_route=\/wp\/v2\/types\/post"}],"author":[{"embeddable":true,"href":"https:\/\/bv-graefrath.de\/index.php?rest_route=\/wp\/v2\/users\/1"}],"replies":[{"embeddable":true,"href":"https:\/\/bv-graefrath.de\/index.php?rest_route=%2Fwp%2Fv2%2Fcomments&post=4658"}],"version-history":[{"count":0,"href":"https:\/\/bv-graefrath.de\/index.php?rest_route=\/wp\/v2\/posts\/4658\/revisions"}],"wp:featuredmedia":[{"embeddable":true,"href":"https:\/\/bv-graefrath.de\/index.php?rest_route=\/"}],"wp:attachment":[{"href":"https:\/\/bv-graefrath.de\/index.php?rest_route=%2Fwp%2Fv2%2Fmedia&parent=4658"}],"wp:term":[{"taxonomy":"category","embeddable":true,"href":"https:\/\/bv-graefrath.de\/index.php?rest_route=%2Fwp%2Fv2%2Fcategories&post=4658"},{"taxonomy":"post_tag","embeddable":true,"href":"https:\/\/bv-graefrath.de\/index.php?rest_route=%2Fwp%2Fv2%2Ftags&post=4658"}],"curies":[{"name":"wp","href":"https:\/\/api.w.org\/{rel}","templated":true}]}}