{"id":4598,"date":"2023-12-27T12:28:34","date_gmt":"2023-12-27T11:28:34","guid":{"rendered":"https:\/\/bv-graefrath.de\/?p=4598"},"modified":"2023-12-27T12:28:34","modified_gmt":"2023-12-27T11:28:34","slug":"u17-steigt-auf","status":"publish","type":"post","link":"https:\/\/bv-graefrath.de\/?p=4598","title":{"rendered":"U17 steigt auf!"},"content":{"rendered":"\n<p><strong>Meisterschaft und Aufstieg der B-Juniorinnen<\/strong><\/p>\n\n\n\n<p>Nach einer wirklich tollen Hinrunde feierten die B-M\u00e4dchen des BV Gr\u00e4frath die <strong>Kreis-Meisterschaft<\/strong>. In den ersten elf Spielen blieben die BVG-M\u00e4dels verlustpunktfrei bei nur 2 Gegentreffern. Damit war der Titel vorzeitig gewonnen. Lediglich im unbedeutend gewordenen letzten Match beim Hastener TV lie\u00df man trotz klarer Feld\u00fcberlegenheit einen Strafsto\u00df f\u00fcr den Gegner zu, der gleichsam spielentscheidend war.<\/p>\n\n\n\n<p>Platz 1 nach der Hinrunde bedeutet zudem den <strong>Aufstieg in die<\/strong> <strong>Niederrhein-Leistungsklass<\/strong>e. Ab Ende Januar geht es dann auf Verbandsebene weiter. Die Gegner stehen auch schon fest. So trifft man ab dem 3. Februar 2024 auf FSC M\u00f6nchengladbach, VfB Hilden, Rhenania Hochdahl, TSV Union Wuppertal und den JSG Grimlinghausen-Norf. Nach der herausragenden Hinrunde steht f\u00fcr das Team von Trainerduo Marcel Herger und Andreas Schneider das erkl\u00e4rte Ziel fest: das Erreichen der Niederrhein-Quali im Sommer.<\/p>\n","protected":false},"excerpt":{"rendered":"<p>Meisterschaft und Aufstieg der B-Juniorinnen Nach einer wirklich tollen Hinrunde feierten die B-M\u00e4dchen des BV Gr\u00e4frath die Kreis-Meisterschaft. In den  [&#8230;]<\/p>\n","protected":false},"author":1,"featured_media":4599,"comment_status":"closed","ping_status":"open","sticky":false,"template":"","format":"standard","meta":{"footnotes":""},"categories":[1],"tags":[],"class_list":["post-4598","post","type-post","status-publish","format-standard","has-post-thumbnail","hentry","category-archiv_alte_version"],"_links":{"self":[{"href":"https:\/\/bv-graefrath.de\/index.php?rest_route=\/wp\/v2\/posts\/4598","targetHints":{"allow":["GET"]}}],"collection":[{"href":"https:\/\/bv-graefrath.de\/index.php?rest_route=\/wp\/v2\/posts"}],"about":[{"href":"https:\/\/bv-graefrath.de\/index.php?rest_route=\/wp\/v2\/types\/post"}],"author":[{"embeddable":true,"href":"https:\/\/bv-graefrath.de\/index.php?rest_route=\/wp\/v2\/users\/1"}],"replies":[{"embeddable":true,"href":"https:\/\/bv-graefrath.de\/index.php?rest_route=%2Fwp%2Fv2%2Fcomments&post=4598"}],"version-history":[{"count":0,"href":"https:\/\/bv-graefrath.de\/index.php?rest_route=\/wp\/v2\/posts\/4598\/revisions"}],"wp:featuredmedia":[{"embeddable":true,"href":"https:\/\/bv-graefrath.de\/index.php?rest_route=\/"}],"wp:attachment":[{"href":"https:\/\/bv-graefrath.de\/index.php?rest_route=%2Fwp%2Fv2%2Fmedia&parent=4598"}],"wp:term":[{"taxonomy":"category","embeddable":true,"href":"https:\/\/bv-graefrath.de\/index.php?rest_route=%2Fwp%2Fv2%2Fcategories&post=4598"},{"taxonomy":"post_tag","embeddable":true,"href":"https:\/\/bv-graefrath.de\/index.php?rest_route=%2Fwp%2Fv2%2Ftags&post=4598"}],"curies":[{"name":"wp","href":"https:\/\/api.w.org\/{rel}","templated":true}]}}