{"id":4545,"date":"2023-11-16T20:03:41","date_gmt":"2023-11-16T19:03:41","guid":{"rendered":"http:\/\/bv-graefrath.de\/?p=4545"},"modified":"2023-11-16T20:03:41","modified_gmt":"2023-11-16T19:03:41","slug":"erste-wieder-vs-wuelfrath-damen-vs-gruiten","status":"publish","type":"post","link":"https:\/\/bv-graefrath.de\/?p=4545","title":{"rendered":"ERSTE wieder vs. W\u00fclfrath; DAMEN vs. Gruiten"},"content":{"rendered":"\n<p>Nachdem die <strong>ERSTE <\/strong>letzte Woche in W\u00fclfrath spielen d\u00fcrfte und zwar gegen SV Rot-Wei\u00df, geht es am kommenden <strong>Sonntag den 19.11.2023<\/strong> am heimischen Flockertsholz um <strong>15.30 Uhr<\/strong> gegen den 1.FC W\u00fclfrath. Der 1.FC ist hierbei nochmal st\u00e4rker einzusch\u00e4tzen als Rot-Wei\u00df letzte Woche, der Gegner steht zurecht im oberen Drittel der Bezirksliga. Aber nach dem Unentschieden letzte Woche wird die ERSTE versuchen das n\u00e4chste Erfolgserlebnis einzufahren, auch wenn es sicherlich schwer werden wird!<\/p>\n\n\n\n<p>Die <strong>DAMEN <\/strong>spielen davor um <strong>13.00 Uhr<\/strong> in der Kreisliga A gegen den TSV Gruiten, der punktgleich mit dem BVG in der Tabelle platziert ist. In der Kreisliga B muss die <strong>ZWEITE <\/strong>um <strong>13.15 Uhr<\/strong> beim SC Leichlingen 2 ran. Die <strong>DRITTE <\/strong>muss um <strong>13.00 Uhr <\/strong>ausw\u00e4rts beim VFL Witzhelden 2 antreten.<\/p>\n","protected":false},"excerpt":{"rendered":"<p>Nachdem die ERSTE letzte Woche in W\u00fclfrath spielen d\u00fcrfte und zwar gegen SV Rot-Wei\u00df, geht es am kommenden Sonntag den  [&#8230;]<\/p>\n","protected":false},"author":1,"featured_media":4546,"comment_status":"closed","ping_status":"open","sticky":false,"template":"","format":"standard","meta":{"footnotes":""},"categories":[1],"tags":[],"class_list":["post-4545","post","type-post","status-publish","format-standard","has-post-thumbnail","hentry","category-archiv_alte_version"],"_links":{"self":[{"href":"https:\/\/bv-graefrath.de\/index.php?rest_route=\/wp\/v2\/posts\/4545","targetHints":{"allow":["GET"]}}],"collection":[{"href":"https:\/\/bv-graefrath.de\/index.php?rest_route=\/wp\/v2\/posts"}],"about":[{"href":"https:\/\/bv-graefrath.de\/index.php?rest_route=\/wp\/v2\/types\/post"}],"author":[{"embeddable":true,"href":"https:\/\/bv-graefrath.de\/index.php?rest_route=\/wp\/v2\/users\/1"}],"replies":[{"embeddable":true,"href":"https:\/\/bv-graefrath.de\/index.php?rest_route=%2Fwp%2Fv2%2Fcomments&post=4545"}],"version-history":[{"count":0,"href":"https:\/\/bv-graefrath.de\/index.php?rest_route=\/wp\/v2\/posts\/4545\/revisions"}],"wp:featuredmedia":[{"embeddable":true,"href":"https:\/\/bv-graefrath.de\/index.php?rest_route=\/"}],"wp:attachment":[{"href":"https:\/\/bv-graefrath.de\/index.php?rest_route=%2Fwp%2Fv2%2Fmedia&parent=4545"}],"wp:term":[{"taxonomy":"category","embeddable":true,"href":"https:\/\/bv-graefrath.de\/index.php?rest_route=%2Fwp%2Fv2%2Fcategories&post=4545"},{"taxonomy":"post_tag","embeddable":true,"href":"https:\/\/bv-graefrath.de\/index.php?rest_route=%2Fwp%2Fv2%2Ftags&post=4545"}],"curies":[{"name":"wp","href":"https:\/\/api.w.org\/{rel}","templated":true}]}}