{"id":4541,"date":"2023-11-10T15:37:51","date_gmt":"2023-11-10T14:37:51","guid":{"rendered":"http:\/\/bv-graefrath.de\/?p=4541"},"modified":"2023-11-10T15:37:51","modified_gmt":"2023-11-10T14:37:51","slug":"erste-in-wuelfrath-damen-in-velbert","status":"publish","type":"post","link":"https:\/\/bv-graefrath.de\/?p=4541","title":{"rendered":"ERSTE in W\u00fclfrath, DAMEN in Velbert"},"content":{"rendered":"\n<p>Am kommenden Sonntag, den 12.11.2023 gibt es den n\u00e4chsten Anlauf der ERSTEN, endlich ein Erfolgserlebnis einzufahren. Nach der entt\u00e4uschenden Heimniederlage gegen Vohwinkel, geht es am Sonntag zum Ausw\u00e4rtsspiel beim SV Rot Wei\u00df W\u00fclfrath. Das Spiel gegen die W\u00fclfrather beginnt <strong>um 14.00 Uhr<\/strong>, diese stecken ebenfalls im unteren Drittel fest, aber haben bereits siebzehn Punkte geholt, wenn unsere ERSTE nicht komplett den Anschluss verlieren will, muss sie schon etwas z\u00e4hlbares mitbringen. <\/p>\n\n\n\n<p>Die <strong>DAMEN<\/strong> m\u00fcssen ebenfalls ausw\u00e4rts ran, auch die DAMEN m\u00fcssen eine herbe Niederlage von letzter Woche verkraften, in der Kreisliga A geht es nun um <strong>16.00 Uhr<\/strong> gegen SV Union Velbert.  Die <strong>ZWEITE <\/strong>hat in der Kreisliga B um <strong>15.00 Uhr<\/strong> ein Heimspiel gegen den 1.FC Sport-Ring Solingen 2. Davor tritt die <strong>DRITTE<\/strong> um <strong>12.45 Uhr <\/strong>gegen die dritte vom 1.FC in der Kreisliga C an.<\/p>\n","protected":false},"excerpt":{"rendered":"<p>Am kommenden Sonntag, den 12.11.2023 gibt es den n\u00e4chsten Anlauf der ERSTEN, endlich ein Erfolgserlebnis einzufahren. Nach der entt\u00e4uschenden Heimniederlage  [&#8230;]<\/p>\n","protected":false},"author":1,"featured_media":4542,"comment_status":"closed","ping_status":"open","sticky":false,"template":"","format":"standard","meta":{"footnotes":""},"categories":[1],"tags":[],"class_list":["post-4541","post","type-post","status-publish","format-standard","has-post-thumbnail","hentry","category-archiv_alte_version"],"_links":{"self":[{"href":"https:\/\/bv-graefrath.de\/index.php?rest_route=\/wp\/v2\/posts\/4541","targetHints":{"allow":["GET"]}}],"collection":[{"href":"https:\/\/bv-graefrath.de\/index.php?rest_route=\/wp\/v2\/posts"}],"about":[{"href":"https:\/\/bv-graefrath.de\/index.php?rest_route=\/wp\/v2\/types\/post"}],"author":[{"embeddable":true,"href":"https:\/\/bv-graefrath.de\/index.php?rest_route=\/wp\/v2\/users\/1"}],"replies":[{"embeddable":true,"href":"https:\/\/bv-graefrath.de\/index.php?rest_route=%2Fwp%2Fv2%2Fcomments&post=4541"}],"version-history":[{"count":0,"href":"https:\/\/bv-graefrath.de\/index.php?rest_route=\/wp\/v2\/posts\/4541\/revisions"}],"wp:featuredmedia":[{"embeddable":true,"href":"https:\/\/bv-graefrath.de\/index.php?rest_route=\/"}],"wp:attachment":[{"href":"https:\/\/bv-graefrath.de\/index.php?rest_route=%2Fwp%2Fv2%2Fmedia&parent=4541"}],"wp:term":[{"taxonomy":"category","embeddable":true,"href":"https:\/\/bv-graefrath.de\/index.php?rest_route=%2Fwp%2Fv2%2Fcategories&post=4541"},{"taxonomy":"post_tag","embeddable":true,"href":"https:\/\/bv-graefrath.de\/index.php?rest_route=%2Fwp%2Fv2%2Ftags&post=4541"}],"curies":[{"name":"wp","href":"https:\/\/api.w.org\/{rel}","templated":true}]}}