{"id":4527,"date":"2023-11-01T13:17:55","date_gmt":"2023-11-01T12:17:55","guid":{"rendered":"http:\/\/bv-graefrath.de\/?p=4527"},"modified":"2023-11-01T13:17:55","modified_gmt":"2023-11-01T12:17:55","slug":"ehrenmitglied-karl-guenter-zimmer-verstorben","status":"publish","type":"post","link":"https:\/\/bv-graefrath.de\/?p=4527","title":{"rendered":"Ehrenmitglied Karl G\u00fcnter Zimmer verstorben"},"content":{"rendered":"\n<p>Unser Ehrenmitglied<\/p>\n\n\n\n<p>Karl G\u00fcnter Zimmer<\/p>\n\n\n\n<p>ist am 22.10.2023 im Alter von 78 Jahren verstorben.<\/p>\n\n\n\n<p>Er war Mitglied des BV Gr\u00e4frath e. V. seit dem 02.04.1962, war u. a. \u00fcber viele Jahre hinweg der 1. Vorsitzende des Vereins und bis zuletzt einer unserer treuesten Zuschauer bei Heim- und Aus-w\u00e4rtsspielen.&nbsp;Auch die Entwicklung unserer Kinder- und Jugendabteilung hat ihm immer sehr am Herzen gelegen und er war deswegen auch h\u00e4ufig ein gern gesehener Zuschauer bei deren Heimspielen an Samstagen. F\u00fcr den BV Gr\u00e4frath e. V. ist er bei jeder sich bietenden Gelegenheit eingetreten und er hat seinen Verein immer mit Vehemenz verteidigt.<\/p>\n\n\n\n<p>KG, wie er kurz genannt wurde, wird uns sehr fehlen. Wir trauern mit seiner Familie um ihn und wir werden ihn immer in guter Erinnerung behalten.&nbsp;<\/p>\n\n\n\n<p>F\u00fcr den Vorstand<\/p>\n\n\n\n<p>Frank M\u00fcller<\/p>\n\n\n\n<p>1. Vorsitzender&nbsp;<\/p>\n","protected":false},"excerpt":{"rendered":"<p>Unser Ehrenmitglied Karl G\u00fcnter Zimmer ist am 22.10.2023 im Alter von 78 Jahren verstorben. Er war Mitglied des BV Gr\u00e4frath  [&#8230;]<\/p>\n","protected":false},"author":1,"featured_media":4529,"comment_status":"closed","ping_status":"open","sticky":false,"template":"","format":"standard","meta":{"footnotes":""},"categories":[1],"tags":[],"class_list":["post-4527","post","type-post","status-publish","format-standard","has-post-thumbnail","hentry","category-archiv_alte_version"],"_links":{"self":[{"href":"https:\/\/bv-graefrath.de\/index.php?rest_route=\/wp\/v2\/posts\/4527","targetHints":{"allow":["GET"]}}],"collection":[{"href":"https:\/\/bv-graefrath.de\/index.php?rest_route=\/wp\/v2\/posts"}],"about":[{"href":"https:\/\/bv-graefrath.de\/index.php?rest_route=\/wp\/v2\/types\/post"}],"author":[{"embeddable":true,"href":"https:\/\/bv-graefrath.de\/index.php?rest_route=\/wp\/v2\/users\/1"}],"replies":[{"embeddable":true,"href":"https:\/\/bv-graefrath.de\/index.php?rest_route=%2Fwp%2Fv2%2Fcomments&post=4527"}],"version-history":[{"count":0,"href":"https:\/\/bv-graefrath.de\/index.php?rest_route=\/wp\/v2\/posts\/4527\/revisions"}],"wp:featuredmedia":[{"embeddable":true,"href":"https:\/\/bv-graefrath.de\/index.php?rest_route=\/"}],"wp:attachment":[{"href":"https:\/\/bv-graefrath.de\/index.php?rest_route=%2Fwp%2Fv2%2Fmedia&parent=4527"}],"wp:term":[{"taxonomy":"category","embeddable":true,"href":"https:\/\/bv-graefrath.de\/index.php?rest_route=%2Fwp%2Fv2%2Fcategories&post=4527"},{"taxonomy":"post_tag","embeddable":true,"href":"https:\/\/bv-graefrath.de\/index.php?rest_route=%2Fwp%2Fv2%2Ftags&post=4527"}],"curies":[{"name":"wp","href":"https:\/\/api.w.org\/{rel}","templated":true}]}}