{"id":4313,"date":"2023-08-20T10:18:15","date_gmt":"2023-08-20T08:18:15","guid":{"rendered":"http:\/\/bv-graefrath.de\/?p=4313"},"modified":"2023-08-20T10:18:15","modified_gmt":"2023-08-20T08:18:15","slug":"bambinis-und-weiter-geht-die-wilde-fahrt","status":"publish","type":"post","link":"https:\/\/bv-graefrath.de\/?p=4313","title":{"rendered":"Bambinis&#8230;und weiter geht die wilde Fahrt!"},"content":{"rendered":"\n<p>Die Sommerpause war lang, die Saisonvorbereitung ist in Teilen ins Wasser gefallen und die Schulbank zu dr\u00fccken, ist auch kein Zuckerschlecken. Aber alles Nebensachen, wenn der Ball erstmal rollt und die Augen funkeln.<\/p>\n\n\n\n<p>Im ersten Saisonspiel der neuen Staffel hatten unsere G-Junioren heute den Post SV II zu Gast. Ohne Sonne, aber unter tropischen Bedingungen wurde wieder auf zwei Funino-Feldern gespielt. Die zahlreichen Zuschauer sind voll auf ihre Kosten gekommen. Tolle Kombinationen, viel Einsatz und viele, viele Tore. Wir gratulieren allen Kindern, die heute ihr allererstes Spiel hatten und\/oder den ersten Torerfolg feiern durften. Wie sich das f\u00fcr Bambinis geh\u00f6rt, trennen sich die Teams trotz des Torspektakels auf beiden Seiten mit einem fairen 0:0.<\/p>\n\n\n\n<figure class=\"wp-block-image\"><img decoding=\"async\" src=\"http:\/\/bv-graefrath.de\/wp-content\/uploads\/2023\/08\/20230819_Bambini-1024x770.jpg\" alt=\"\" class=\"wp-image-4315\"\/><\/figure>\n\n\n\n<p>Wir w\u00fcnschen unseren diesj\u00e4hrigen i-D\u00f6tzchen viel Erfolg auch neben dem Platz und freuen uns auf die n\u00e4chste Ausw\u00e4rtsbegegnung&nbsp;in&nbsp;Langenfeld.<\/p>\n","protected":false},"excerpt":{"rendered":"<p>Die Sommerpause war lang, die Saisonvorbereitung ist in Teilen ins Wasser gefallen und die Schulbank zu dr\u00fccken, ist auch kein  [&#8230;]<\/p>\n","protected":false},"author":1,"featured_media":4331,"comment_status":"closed","ping_status":"open","sticky":false,"template":"","format":"standard","meta":{"footnotes":""},"categories":[1],"tags":[],"class_list":["post-4313","post","type-post","status-publish","format-standard","has-post-thumbnail","hentry","category-archiv_alte_version"],"_links":{"self":[{"href":"https:\/\/bv-graefrath.de\/index.php?rest_route=\/wp\/v2\/posts\/4313","targetHints":{"allow":["GET"]}}],"collection":[{"href":"https:\/\/bv-graefrath.de\/index.php?rest_route=\/wp\/v2\/posts"}],"about":[{"href":"https:\/\/bv-graefrath.de\/index.php?rest_route=\/wp\/v2\/types\/post"}],"author":[{"embeddable":true,"href":"https:\/\/bv-graefrath.de\/index.php?rest_route=\/wp\/v2\/users\/1"}],"replies":[{"embeddable":true,"href":"https:\/\/bv-graefrath.de\/index.php?rest_route=%2Fwp%2Fv2%2Fcomments&post=4313"}],"version-history":[{"count":0,"href":"https:\/\/bv-graefrath.de\/index.php?rest_route=\/wp\/v2\/posts\/4313\/revisions"}],"wp:featuredmedia":[{"embeddable":true,"href":"https:\/\/bv-graefrath.de\/index.php?rest_route=\/"}],"wp:attachment":[{"href":"https:\/\/bv-graefrath.de\/index.php?rest_route=%2Fwp%2Fv2%2Fmedia&parent=4313"}],"wp:term":[{"taxonomy":"category","embeddable":true,"href":"https:\/\/bv-graefrath.de\/index.php?rest_route=%2Fwp%2Fv2%2Fcategories&post=4313"},{"taxonomy":"post_tag","embeddable":true,"href":"https:\/\/bv-graefrath.de\/index.php?rest_route=%2Fwp%2Fv2%2Ftags&post=4313"}],"curies":[{"name":"wp","href":"https:\/\/api.w.org\/{rel}","templated":true}]}}