{"id":4276,"date":"2023-07-31T23:12:02","date_gmt":"2023-07-31T21:12:02","guid":{"rendered":"http:\/\/bv-graefrath.de\/?p=4276"},"modified":"2023-07-31T23:12:02","modified_gmt":"2023-07-31T21:12:02","slug":"testspiel-vs-landesligisten-erste-fc-remscheid","status":"publish","type":"post","link":"https:\/\/bv-graefrath.de\/?p=4276","title":{"rendered":"Testspiel vs. Landesligisten &#8211; ERSTE : FC Remscheid"},"content":{"rendered":"\n<p>Am <strong>Dienstag den 01.08.2023<\/strong> kommt es nochmal zu einem echten H\u00e4rtetest f\u00fcr die ERSTE. Gegner im Vorbereitungsspiel ist die h\u00f6herklassige Mannschaft vom FC Remscheid aus der Landesliga. Das Spiel beginnt am Flockertsholz um <strong>19.30 Uhr<\/strong>, wir hoffen auf viele Besucher.<\/p>\n","protected":false},"excerpt":{"rendered":"<p>Am Dienstag den 01.08.2023 kommt es nochmal zu einem echten H\u00e4rtetest f\u00fcr die ERSTE. Gegner im Vorbereitungsspiel ist die h\u00f6herklassige  [&#8230;]<\/p>\n","protected":false},"author":1,"featured_media":0,"comment_status":"closed","ping_status":"open","sticky":false,"template":"","format":"standard","meta":{"footnotes":""},"categories":[1],"tags":[],"class_list":["post-4276","post","type-post","status-publish","format-standard","hentry","category-archiv_alte_version"],"_links":{"self":[{"href":"https:\/\/bv-graefrath.de\/index.php?rest_route=\/wp\/v2\/posts\/4276","targetHints":{"allow":["GET"]}}],"collection":[{"href":"https:\/\/bv-graefrath.de\/index.php?rest_route=\/wp\/v2\/posts"}],"about":[{"href":"https:\/\/bv-graefrath.de\/index.php?rest_route=\/wp\/v2\/types\/post"}],"author":[{"embeddable":true,"href":"https:\/\/bv-graefrath.de\/index.php?rest_route=\/wp\/v2\/users\/1"}],"replies":[{"embeddable":true,"href":"https:\/\/bv-graefrath.de\/index.php?rest_route=%2Fwp%2Fv2%2Fcomments&post=4276"}],"version-history":[{"count":0,"href":"https:\/\/bv-graefrath.de\/index.php?rest_route=\/wp\/v2\/posts\/4276\/revisions"}],"wp:attachment":[{"href":"https:\/\/bv-graefrath.de\/index.php?rest_route=%2Fwp%2Fv2%2Fmedia&parent=4276"}],"wp:term":[{"taxonomy":"category","embeddable":true,"href":"https:\/\/bv-graefrath.de\/index.php?rest_route=%2Fwp%2Fv2%2Fcategories&post=4276"},{"taxonomy":"post_tag","embeddable":true,"href":"https:\/\/bv-graefrath.de\/index.php?rest_route=%2Fwp%2Fv2%2Ftags&post=4276"}],"curies":[{"name":"wp","href":"https:\/\/api.w.org\/{rel}","templated":true}]}}